{"id":424,"date":"2025-04-13T09:25:57","date_gmt":"2025-04-13T09:25:57","guid":{"rendered":"https:\/\/guineo.es\/?p=424"},"modified":"2025-04-13T09:25:57","modified_gmt":"2025-04-13T09:25:57","slug":"a-pimpa-la-semana-santa-le-sacaba-de-juicio","status":"publish","type":"post","link":"https:\/\/guineo.es\/index.php\/2025\/04\/13\/a-pimpa-la-semana-santa-le-sacaba-de-juicio\/","title":{"rendered":"A Pimpa la Semana Santa le sacaba de juicio\u2026"},"content":{"rendered":"<figure id=\"attachment_425\" aria-describedby=\"caption-attachment-425\" style=\"width: 247px\" class=\"wp-caption alignnone\"><img loading=\"lazy\" decoding=\"async\" class=\"size-medium wp-image-425\" src=\"https:\/\/guineo.es\/wp-content\/uploads\/2025\/04\/IMG_1625-247x300.jpeg\" alt=\"\" width=\"247\" height=\"300\" srcset=\"https:\/\/guineo.es\/wp-content\/uploads\/2025\/04\/IMG_1625-247x300.jpeg 247w, https:\/\/guineo.es\/wp-content\/uploads\/2025\/04\/IMG_1625-700x850.jpeg 700w, https:\/\/guineo.es\/wp-content\/uploads\/2025\/04\/IMG_1625-768x933.jpeg 768w, https:\/\/guineo.es\/wp-content\/uploads\/2025\/04\/IMG_1625-800x972.jpeg 800w, https:\/\/guineo.es\/wp-content\/uploads\/2025\/04\/IMG_1625.jpeg 853w\" sizes=\"auto, (max-width: 247px) 100vw, 247px\" \/><figcaption id=\"caption-attachment-425\" class=\"wp-caption-text\">Screenshot<\/figcaption><\/figure>\n<p>A Pimpa la Semana Santa le sacaba de juicio. Lo \u00fanico que le gustaba era la procesi\u00f3n de La Burrita, porque se pon\u00eda la mantilla blanca que hered\u00f3 de su bisabuela, los zapatos los domingos y llevaba los sobrinos al parque San Telmo, con los palmitos que les hab\u00eda hecho Gerardo el sacrist\u00e1n.<\/p>\n<p>Aunque luego ten\u00eda que bregar con los jod\u00edos chinijos pa que dejaran de espadachinar\u2026\u201dsoy el capit\u00e1n trueno\u2026y yo el Zorro y no me rendir\u00e9\u201d\u2026 gritaban mientras se daban tolietazos. \u00a1Dejen eso demontres!\u2026que tan bendeci\u00f3s y el se\u00f1or les va a castigar.<\/p>\n<p>A Perico la Semana Santa le daba lo mesmo porque aunque el cafet\u00edn cerraba al pasar la procesi\u00f3n y el viernes santo estaba trancada la puerta principal, se pod\u00eda entrar por la puerta del callej\u00f3n y ten\u00eda todo el d\u00eda, sin que le molestaran pa\u2019 un domin\u00f3, un envite o un subastado .<\/p>\n<p>Antonio el de la tienda, lo dejaba abierto pa\u2019 una \u201cemergencia\u201d, una necesidad, \u2026que si una batata, que si un pisco cherne m\u00e1s porque vino Frasquita con su familia pa\u2019l sancocho, sin avis\u00e1, ella dice que fue una confusi\u00f3n, porque ella lo dijo en de cuando y trae hasta una pella gofio con pl\u00e1tanos de Lariaga y una cebolla encarnada de Galdar.<\/p>\n<p>Elud\u00eda as\u00ed,Antonio, la orden de que el viernes santo todo ten\u00eda que estar trancado porque estaba muerto el Se\u00f1\u00f3.<\/p>\n<p>Como quiera, que env\u00edo va, acepto, chico fuera\u2026y eche una \u00faltima barajada\u2026se diba el tiempo en un santiam\u00e9n sin darse ni de cuenta.<\/p>\n<p>Cuando Perico mir\u00f3 pa\u2019l reloj la pared\u2026. exclam\u00f3 \u00a1Yass co\u00f1o!\u2026\u00e9cheme el \u00faltimo cartadioro que no lleg\u00f3 pa\u2019l sancocho y antonses s\u00ed que tenemos Viernes Santo con la calentura que se atrinca la Pimpa.<\/p>\n<p>Y en vez de tres cruces van a ser cuatro y no vamos a caber en el monte del Mastro G\u00f3lgota, que se lo ten\u00eda arrendado a los romanos pa esos menesteres y hasta se va a joder la canci\u00f3n de \u2026est\u00e1n clavadas tres cruces\u2026. Y va a s\u00e9 est\u00e1n clavadas cuatro y en una Perico por llegar tarde al sancocho de Semana Santa.<\/p>\n<p>\u00a1Fuerte guineo, ditoseadi\u00f3!<\/p>\n<p>Javier Marrero<\/p>\n<p>Dice Pimpa que este cuento se los deb\u00eda por el retraso de aquella vez.<\/p>\n","protected":false},"excerpt":{"rendered":"<p>A Pimpa la Semana Santa le sacaba de juicio. Lo \u00fanico que le gustaba era la procesi\u00f3n de La Burrita, porque se pon\u00eda la mantilla blanca que hered\u00f3 de su bisabuela, los zapatos los domingos y llevaba los sobrinos al parque San Telmo, con los palmitos que les hab\u00eda hecho Gerardo el sacrist\u00e1n. Aunque luego&#8230;<\/p>\n","protected":false},"author":1,"featured_media":0,"comment_status":"closed","ping_status":"closed","sticky":false,"template":"","format":"standard","meta":{"footnotes":""},"categories":[1],"tags":[],"class_list":["post-424","post","type-post","status-publish","format-standard","hentry","category-uncategorized"],"_links":{"self":[{"href":"https:\/\/guineo.es\/index.php\/wp-json\/wp\/v2\/posts\/424","targetHints":{"allow":["GET"]}}],"collection":[{"href":"https:\/\/guineo.es\/index.php\/wp-json\/wp\/v2\/posts"}],"about":[{"href":"https:\/\/guineo.es\/index.php\/wp-json\/wp\/v2\/types\/post"}],"author":[{"embeddable":true,"href":"https:\/\/guineo.es\/index.php\/wp-json\/wp\/v2\/users\/1"}],"replies":[{"embeddable":true,"href":"https:\/\/guineo.es\/index.php\/wp-json\/wp\/v2\/comments?post=424"}],"version-history":[{"count":1,"href":"https:\/\/guineo.es\/index.php\/wp-json\/wp\/v2\/posts\/424\/revisions"}],"predecessor-version":[{"id":426,"href":"https:\/\/guineo.es\/index.php\/wp-json\/wp\/v2\/posts\/424\/revisions\/426"}],"wp:attachment":[{"href":"https:\/\/guineo.es\/index.php\/wp-json\/wp\/v2\/media?parent=424"}],"wp:term":[{"taxonomy":"category","embeddable":true,"href":"https:\/\/guineo.es\/index.php\/wp-json\/wp\/v2\/categories?post=424"},{"taxonomy":"post_tag","embeddable":true,"href":"https:\/\/guineo.es\/index.php\/wp-json\/wp\/v2\/tags?post=424"}],"curies":[{"name":"wp","href":"https:\/\/api.w.org\/{rel}","templated":true}]}}